{"id":4828,"date":"2022-07-26T14:30:21","date_gmt":"2022-07-26T12:30:21","guid":{"rendered":"https:\/\/sp1niepolomice.pl\/?p=4828"},"modified":"2022-07-26T14:31:21","modified_gmt":"2022-07-26T12:31:21","slug":"narodowy-program-rozwoju-czytelnictwa","status":"publish","type":"post","link":"https:\/\/sp1niepolomice.pl\/?p=4828","title":{"rendered":"Narodowy Program Rozwoju Czytelnictwa"},"content":{"rendered":"\t\t<div data-elementor-type=\"wp-post\" data-elementor-id=\"4828\" class=\"elementor elementor-4828\" data-elementor-settings=\"{&quot;ha_cmc_init_switcher&quot;:&quot;no&quot;}\">\n\t\t\t\t\t\t<section class=\"elementor-section elementor-top-section elementor-element elementor-element-83ac1e7 elementor-section-boxed elementor-section-height-default elementor-section-height-default\" data-id=\"83ac1e7\" data-element_type=\"section\" data-settings=\"{&quot;_ha_eqh_enable&quot;:false}\">\n\t\t\t\t\t\t<div class=\"elementor-container elementor-column-gap-default\">\n\t\t\t\t\t<div class=\"elementor-column elementor-col-100 elementor-top-column elementor-element elementor-element-95f1d12\" data-id=\"95f1d12\" data-element_type=\"column\">\n\t\t\t<div class=\"elementor-widget-wrap elementor-element-populated\">\n\t\t\t\t\t\t<div class=\"elementor-element elementor-element-d29a371 elementor-widget elementor-widget-text-editor\" data-id=\"d29a371\" data-element_type=\"widget\" data-widget_type=\"text-editor.default\">\n\t\t\t\t<div class=\"elementor-widget-container\">\n\t\t\t\t\t\t\t\t\t<div class=\"\" dir=\"auto\"><div id=\"jsc_c_gs\" class=\"ecm0bbzt hv4rvrfc ihqw7lf3 dati1w0a\" data-ad-comet-preview=\"message\" data-ad-preview=\"message\"><div class=\"j83agx80 cbu4d94t ew0dbk1b irj2b8pg\"><div class=\"qzhwtbm6 knvmm38d\"><div class=\"kvgmc6g5 cxmmr5t8 oygrvhab hcukyx3x c1et5uql ii04i59q\"><h4 dir=\"auto\" style=\"text-align: center;\">Z wielk\u0105 rado\u015bci\u0105 informujemy, \u017ce otrzymali\u015bmy dofinansowanie za po\u015brednictwem Wojewody Ma\u0142opolskiego na realizacj\u0119<\/h4><h4 dir=\"auto\" style=\"text-align: center;\">&#8222;Narodowego Programu Rozwoju Czytelnictwa 2.0 na lata 2021-2025&#8221;<\/h4><\/div><\/div><\/div><\/div><\/div>\t\t\t\t\t\t\t\t<\/div>\n\t\t\t\t<\/div>\n\t\t\t\t\t<\/div>\n\t\t<\/div>\n\t\t\t\t\t<\/div>\n\t\t<\/section>\n\t\t\t\t<section class=\"elementor-section elementor-top-section elementor-element elementor-element-ccd0b4d elementor-section-boxed elementor-section-height-default elementor-section-height-default\" data-id=\"ccd0b4d\" data-element_type=\"section\" data-settings=\"{&quot;_ha_eqh_enable&quot;:false}\">\n\t\t\t\t\t\t<div class=\"elementor-container elementor-column-gap-default\">\n\t\t\t\t\t<div class=\"elementor-column elementor-col-100 elementor-top-column elementor-element elementor-element-845a24d\" data-id=\"845a24d\" data-element_type=\"column\">\n\t\t\t<div class=\"elementor-widget-wrap elementor-element-populated\">\n\t\t\t\t\t\t<div class=\"elementor-element elementor-element-519c017 elementor-widget elementor-widget-image\" data-id=\"519c017\" data-element_type=\"widget\" data-widget_type=\"image.default\">\n\t\t\t\t<div class=\"elementor-widget-container\">\n\t\t\t\t\t\t\t\t\t\t\t\t\t\t\t<img fetchpriority=\"high\" decoding=\"async\" width=\"800\" height=\"242\" src=\"https:\/\/sp1niepolomice.pl\/wp-content\/uploads\/2022\/07\/LogoNPRCz-1024x310.jpg\" class=\"attachment-large size-large wp-image-4829\" alt=\"\" srcset=\"https:\/\/sp1niepolomice.pl\/wp-content\/uploads\/2022\/07\/LogoNPRCz-1024x310.jpg 1024w, https:\/\/sp1niepolomice.pl\/wp-content\/uploads\/2022\/07\/LogoNPRCz-300x91.jpg 300w, https:\/\/sp1niepolomice.pl\/wp-content\/uploads\/2022\/07\/LogoNPRCz-768x233.jpg 768w, https:\/\/sp1niepolomice.pl\/wp-content\/uploads\/2022\/07\/LogoNPRCz-1536x466.jpg 1536w, https:\/\/sp1niepolomice.pl\/wp-content\/uploads\/2022\/07\/LogoNPRCz.jpg 2032w\" sizes=\"(max-width: 800px) 100vw, 800px\" \/>\t\t\t\t\t\t\t\t\t\t\t\t\t\t\t<\/div>\n\t\t\t\t<\/div>\n\t\t\t\t\t<\/div>\n\t\t<\/div>\n\t\t\t\t\t<\/div>\n\t\t<\/section>\n\t\t\t\t<\/div>\n\t\t","protected":false},"excerpt":{"rendered":"<p>Z wielk\u0105 rado\u015bci\u0105 informujemy, \u017ce otrzymali\u015bmy dofinansowanie za po\u015brednictwem Wojewody Ma\u0142opolskiego na realizacj\u0119 &#8222;Narodowego Programu Rozwoju Czytelnictwa 2.0 na lata<\/p>\n","protected":false},"author":2,"featured_media":4830,"comment_status":"closed","ping_status":"closed","sticky":false,"template":"","format":"standard","meta":{"colormag_page_container_layout":"default_layout","colormag_page_sidebar_layout":"default_layout","footnotes":""},"categories":[34],"tags":[],"class_list":["post-4828","post","type-post","status-publish","format-standard","has-post-thumbnail","hentry","category-aktualnosci"],"_links":{"self":[{"href":"https:\/\/sp1niepolomice.pl\/index.php?rest_route=\/wp\/v2\/posts\/4828","targetHints":{"allow":["GET"]}}],"collection":[{"href":"https:\/\/sp1niepolomice.pl\/index.php?rest_route=\/wp\/v2\/posts"}],"about":[{"href":"https:\/\/sp1niepolomice.pl\/index.php?rest_route=\/wp\/v2\/types\/post"}],"author":[{"embeddable":true,"href":"https:\/\/sp1niepolomice.pl\/index.php?rest_route=\/wp\/v2\/users\/2"}],"replies":[{"embeddable":true,"href":"https:\/\/sp1niepolomice.pl\/index.php?rest_route=%2Fwp%2Fv2%2Fcomments&post=4828"}],"version-history":[{"count":4,"href":"https:\/\/sp1niepolomice.pl\/index.php?rest_route=\/wp\/v2\/posts\/4828\/revisions"}],"predecessor-version":[{"id":4834,"href":"https:\/\/sp1niepolomice.pl\/index.php?rest_route=\/wp\/v2\/posts\/4828\/revisions\/4834"}],"wp:featuredmedia":[{"embeddable":true,"href":"https:\/\/sp1niepolomice.pl\/index.php?rest_route=\/wp\/v2\/media\/4830"}],"wp:attachment":[{"href":"https:\/\/sp1niepolomice.pl\/index.php?rest_route=%2Fwp%2Fv2%2Fmedia&parent=4828"}],"wp:term":[{"taxonomy":"category","embeddable":true,"href":"https:\/\/sp1niepolomice.pl\/index.php?rest_route=%2Fwp%2Fv2%2Fcategories&post=4828"},{"taxonomy":"post_tag","embeddable":true,"href":"https:\/\/sp1niepolomice.pl\/index.php?rest_route=%2Fwp%2Fv2%2Ftags&post=4828"}],"curies":[{"name":"wp","href":"https:\/\/api.w.org\/{rel}","templated":true}]}}